{"id":374,"date":"2017-02-04T13:47:25","date_gmt":"2017-02-04T13:47:25","guid":{"rendered":"http:\/\/handisport41.fr\/?p=374"},"modified":"2017-02-06T10:50:45","modified_gmt":"2017-02-06T10:50:45","slug":"marie-amelie-le-fur-nouvelle-presidente-du-cdh41","status":"publish","type":"post","link":"https:\/\/handisport41.fr\/?p=374","title":{"rendered":"Marie-Am\u00e9lie Le Fur, nouvelle pr\u00e9sidente du CDH41"},"content":{"rendered":"<p>Lors de l&rsquo;assembl\u00e9e g\u00e9n\u00e9rale \u00e9lective du 1er F\u00e9vrier 2017, Marie-Am\u00e9lie Le Fur a \u00e9t\u00e9 \u00e9lue Pr\u00e9sidente du Comit\u00e9 D\u00e9partemental Handisport du Loir-et-Cher.<\/p>\n<p><a href=\"http:\/\/handisport41.fr\/wp-content\/uploads\/2017\/02\/IMG_2539.jpg\"><img decoding=\"async\" loading=\"lazy\" class=\"aligncenter size-medium wp-image-375\" src=\"http:\/\/handisport41.fr\/wp-content\/uploads\/2017\/02\/IMG_2539-298x300.jpg\" alt=\"\" width=\"298\" height=\"300\" srcset=\"https:\/\/handisport41.fr\/wp-content\/uploads\/2017\/02\/IMG_2539-298x300.jpg 298w, https:\/\/handisport41.fr\/wp-content\/uploads\/2017\/02\/IMG_2539-150x150.jpg 150w, https:\/\/handisport41.fr\/wp-content\/uploads\/2017\/02\/IMG_2539-768x774.jpg 768w, https:\/\/handisport41.fr\/wp-content\/uploads\/2017\/02\/IMG_2539-1016x1024.jpg 1016w, https:\/\/handisport41.fr\/wp-content\/uploads\/2017\/02\/IMG_2539-1x1.jpg 1w\" sizes=\"(max-width: 298px) 100vw, 298px\" \/><\/a><\/p>\n<p>Sur la photo: au second plan de gauche \u00e0 droite: Marie-Am\u00e9lie LEFUR, Pr\u00e9sidente, Xavier JEANNERET, Vice-pr\u00e9sident, Jo\u00ebl VARENNE, au premier plan: Franck GUIBERT, agent de d\u00e9veloppement, Franck JAUNEAU, tr\u00e9sorier.<\/p>\n","protected":false},"excerpt":{"rendered":"<p>Lors de l&rsquo;assembl\u00e9e g\u00e9n\u00e9rale \u00e9lective du 1er F\u00e9vrier 2017, Marie-Am\u00e9lie Le Fur a \u00e9t\u00e9 \u00e9lue Pr\u00e9sidente du Comit\u00e9 D\u00e9partemental Handisport du Loir-et-Cher. Sur la photo: au second plan de gauche \u00e0 droite: Marie-Am\u00e9lie LEFUR, Pr\u00e9sidente, Xavier JEANNERET, Vice-pr\u00e9sident, Jo\u00ebl VARENNE, au premier plan: Franck GUIBERT, agent de d\u00e9veloppement, Franck JAUNEAU, tr\u00e9sorier.<\/p>\n","protected":false},"author":1,"featured_media":0,"comment_status":"closed","ping_status":"closed","sticky":false,"template":"","format":"standard","meta":[],"categories":[1],"tags":[],"_links":{"self":[{"href":"https:\/\/handisport41.fr\/index.php?rest_route=\/wp\/v2\/posts\/374"}],"collection":[{"href":"https:\/\/handisport41.fr\/index.php?rest_route=\/wp\/v2\/posts"}],"about":[{"href":"https:\/\/handisport41.fr\/index.php?rest_route=\/wp\/v2\/types\/post"}],"author":[{"embeddable":true,"href":"https:\/\/handisport41.fr\/index.php?rest_route=\/wp\/v2\/users\/1"}],"replies":[{"embeddable":true,"href":"https:\/\/handisport41.fr\/index.php?rest_route=%2Fwp%2Fv2%2Fcomments&post=374"}],"version-history":[{"count":1,"href":"https:\/\/handisport41.fr\/index.php?rest_route=\/wp\/v2\/posts\/374\/revisions"}],"predecessor-version":[{"id":376,"href":"https:\/\/handisport41.fr\/index.php?rest_route=\/wp\/v2\/posts\/374\/revisions\/376"}],"wp:attachment":[{"href":"https:\/\/handisport41.fr\/index.php?rest_route=%2Fwp%2Fv2%2Fmedia&parent=374"}],"wp:term":[{"taxonomy":"category","embeddable":true,"href":"https:\/\/handisport41.fr\/index.php?rest_route=%2Fwp%2Fv2%2Fcategories&post=374"},{"taxonomy":"post_tag","embeddable":true,"href":"https:\/\/handisport41.fr\/index.php?rest_route=%2Fwp%2Fv2%2Ftags&post=374"}],"curies":[{"name":"wp","href":"https:\/\/api.w.org\/{rel}","templated":true}]}}