{"id":497,"date":"2017-09-18T07:53:02","date_gmt":"2017-09-18T07:53:02","guid":{"rendered":"http:\/\/handisport41.fr\/?p=497"},"modified":"2017-09-18T07:53:02","modified_gmt":"2017-09-18T07:53:02","slug":"paris-2024-sept-ans-pour-grandir-gagner-et-changer-les-regards","status":"publish","type":"post","link":"https:\/\/handisport41.fr\/?p=497","title":{"rendered":"Paris 2024 : \u00ab Sept ans pour grandir, gagner et changer les regards ! \u00bb"},"content":{"rendered":"<div id=\"attachment_498\" style=\"width: 3553px\" class=\"wp-caption alignnone\"><a href=\"http:\/\/handisport41.fr\/wp-content\/uploads\/2017\/09\/HOP2017_D-Echelard00845-jpg.jpg\"><img aria-describedby=\"caption-attachment-498\" decoding=\"async\" loading=\"lazy\" class=\"size-full wp-image-498\" src=\"http:\/\/handisport41.fr\/wp-content\/uploads\/2017\/09\/HOP2017_D-Echelard00845-jpg.jpg\" alt=\"\" width=\"3543\" height=\"2358\" srcset=\"https:\/\/handisport41.fr\/wp-content\/uploads\/2017\/09\/HOP2017_D-Echelard00845-jpg.jpg 3543w, https:\/\/handisport41.fr\/wp-content\/uploads\/2017\/09\/HOP2017_D-Echelard00845-jpg-300x200.jpg 300w, https:\/\/handisport41.fr\/wp-content\/uploads\/2017\/09\/HOP2017_D-Echelard00845-jpg-768x511.jpg 768w, https:\/\/handisport41.fr\/wp-content\/uploads\/2017\/09\/HOP2017_D-Echelard00845-jpg-1024x682.jpg 1024w, https:\/\/handisport41.fr\/wp-content\/uploads\/2017\/09\/HOP2017_D-Echelard00845-jpg-2x1.jpg 2w\" sizes=\"(max-width: 3543px) 100vw, 3543px\" \/><\/a><p id=\"caption-attachment-498\" class=\"wp-caption-text\">Handisport Open Paris 2017, Stade Charl\u00e9ty, 30-31 mai<\/p><\/div>\n<table border=\"0\" width=\"720\" cellspacing=\"0\" cellpadding=\"0\" align=\"center\">\n<tbody>\n<tr>\n<td width=\"720\">\n<table border=\"0\" width=\"720\" cellspacing=\"0\" cellpadding=\"0\" align=\"center\">\n<tbody>\n<tr>\n<td><strong>La r\u00e9action de Fr\u00e9d\u00e9ric DELPY, <\/strong>Pr\u00e9sident de la F\u00e9d\u00e9ration Fran\u00e7aise Handisport<\/td>\n<td width=\"10\"><\/td>\n<\/tr>\n<\/tbody>\n<\/table>\n<\/td>\n<\/tr>\n<tr>\n<td valign=\"top\" width=\"720\">\n<table border=\"0\" width=\"720\" cellspacing=\"0\" cellpadding=\"0\" align=\"center\">\n<tbody>\n<tr id=\"Content\">\n<td width=\"720\">\n<table border=\"0\" width=\"720\" cellspacing=\"0\" cellpadding=\"0\" align=\"center\">\n<tbody>\n<tr>\n<td width=\"10\"><\/td>\n<td>&nbsp;<\/p>\n<p>C\u2019est maintenant officiel\u00a0: Paris accueillera les Jeux Olympiques et Paralympiques en 2024. Comme l\u2019ensemble du mouvement sportif, la F\u00e9d\u00e9ration Fran\u00e7aise Handisport, se r\u00e9jouit de ce d\u00e9nouement heureux.<\/p>\n<p><strong>Depuis Lima au P\u00e9rou aux c\u00f4t\u00e9s de l\u2019\u00e9quipe de la candidature, Fr\u00e9d\u00e9ric Delpy, Pr\u00e9sident de la F\u00e9d\u00e9ration Fran\u00e7aise Handisport ne cache pas son enthousiasme<\/strong>\u00a0: <em>\u00ab\u00a0C\u2019est un sentiment incroyable. Bravo \u00e0 l\u2019\u00e9quipe de la candidature, merci au CIO et \u00e0 l\u2019IPC pour leur confiance. La mobilisation de l\u2019ensemble des acteurs du sport fran\u00e7ais a su s\u00e9duire et convaincre. Je suis fier que la f\u00e9d\u00e9ration fran\u00e7aise handisport ait pu y contribuer. <strong>Je veux saluer tous nos licenci\u00e9s et sportifs qui ont apport\u00e9 leur appui, et nos clubs qui ont d\u00e9fendu ce beau projet<\/strong> \u00e0 travers diff\u00e9rentes op\u00e9rations dans l\u2019hexagone.\u00a0\u00bb<\/em><\/p>\n<p>Il pr\u00e9cise\u00a0:<em> \u00ab\u00a0Le plus important pour moi, c\u2019est que, <strong>pour la premi\u00e8re fois les Paralympiques d\u2019\u00e9t\u00e9 auront la France comme terrain de Jeux\u00a0! Que ce soit d\u2019un point de vue sportif ou soci\u00e9tal, les enjeux sont colossaux et extraordinaires \u00e0 la fois.<\/strong> Avec toutes les forces du mouvement handisport mobilis\u00e9es, aux c\u00f4t\u00e9s du Comit\u00e9 d\u2019organisation qui va voir le jour, je compte bien mettre tout en \u0153uvre pour qu\u2019il y ait un avant et un apr\u00e8s Paris 2024. Je suis convaincu que le sport doit et fera changer d\u00e9finitivement le regard sur le handicap en France. <strong>Au lendemain des Jeux, le handicap ne doit plus \u00eatre un frein, une g\u00eane, une faiblesse mais bel et bien une force\u00a0!<\/strong> Les Anglais y sont parvenus en 2012, que cela nous inspire \u00e9galement, c\u2019est une m\u00e9daille collective que nous devons absolument remporter en 2024\u00a0!\u00a0\u00bb.<\/em><\/p>\n<p><strong>Sept ans pour grandir<\/strong><\/p>\n<p>Durant les sept prochaines ann\u00e9es, la F\u00e9d\u00e9ration Fran\u00e7aise Handisport souhaite b\u00e9n\u00e9ficier, comme tous les acteurs du sport tricolore, de l\u2019engouement g\u00e9n\u00e9r\u00e9 autour de ces Jeux, pour <strong>accro\u00eetre<\/strong> son rayonnement, son message et son action en faveur du \u00ab\u00a0sport pour tous\u00a0\u00bb. Les Jeux sont aussi un moyen de rappeler sans rel\u00e2che la n\u00e9cessit\u00e9 de pratiquer une activit\u00e9 physique et sportive, tout particuli\u00e8rement pour une personne en situation de handicap. <em>\u00ab\u00a0<strong>Nous mettrons tout en \u0153uvre pour garantir un accueil \u00e0 la hauteur du d\u00e9fi qui est devant nous maintenant, dans nos clubs.<\/strong> Nous continuerons d\u2019apporter une attention particuli\u00e8re face \u00e0 la singularit\u00e9 de nos pratiquants en leur proposant un encadrement et une pratique adapt\u00e9s et s\u00e9curis\u00e9s. Les Jeux ne toucheront pas seulement quelques championnes et champions de haut-niveau, <strong>tous les styles de pratique, tous les \u00e2ges, tous les publics doivent b\u00e9n\u00e9ficier de la synergie positive et durable des Jeux Olympiques et Paralympiques.<\/strong>\u00a0\u00bb <\/em>pr\u00e9cise Fr\u00e9d\u00e9ric Delpy<\/p>\n<p><strong>Sept ans pour gagner<\/strong><\/p>\n<p>Mais pour que la f\u00eate soit totale, la France devra figurer de fa\u00e7on marquante dans le haut du classement. <strong>L\u2019objectif sportif de la F\u00e9d\u00e9ration Fran\u00e7aise Handisport sera d\u2019offrir les conditions optimales de r\u00e9ussite aux sportifs,<\/strong> en s\u2019inscrivant dans la dynamique et la trajectoire qui sera fix\u00e9e par le Comit\u00e9 Paralympique et Sportif Fran\u00e7ais, aux c\u00f4t\u00e9s des autres f\u00e9d\u00e9rations concern\u00e9es. <strong>L\u2019objectif de 15 m\u00e9dailles d\u2019or est clairement vis\u00e9, soit 6 de plus qu\u2019aux Jeux paralympiques de Rio, dans les 12 disciplines que g\u00e8re la f\u00e9d\u00e9ration\u00a0:<\/strong> athl\u00e9tisme, basket fauteuil, boccia, c\u00e9cifoot, cyclisme, escrime fauteuil, goalball, halt\u00e9rophilie, natation, tennis de table, tir \u00e0 l\u2019arc et rugby fauteuil.<\/p>\n<p><strong>Fr\u00e9d\u00e9ric Delpy<\/strong>\u00a0: <em>\u00ab\u00a0Dans la perspective 2024, la F\u00e9d\u00e9ration Fran\u00e7aise Handisport souhaite porter un projet de performance ambitieux, au service du mouvement paralympique fran\u00e7ais. Au vu de nos 60 ann\u00e9es d\u2019expertise et de notre connaissance de l\u2019ensemble des disciplines paralympiques, la F\u00e9d\u00e9ration jouera <strong>un r\u00f4le d\u00e9terminant de d\u00e9tection, d\u2019orientation sportive, de prise en compte singuli\u00e8re et de formation des sportifs<\/strong>.\u00a0Cet objectif de 15 titres paralympiques pour les athl\u00e8tes handisport, implique la mobilisation de tous les acteurs du mouvement, avec le concours de tous nos partenaires historiques et institutionnels, comme l\u2019Education Nationale, les sports militaires et les grandes associations nationales du handicap.\u00a0\u00bb<\/em><\/p>\n<p><strong>Sept ans pour changer les regards<\/strong><\/p>\n<p>L\u2019enjeu soci\u00e9tal de l\u2019organisation des Jeux d\u00e9passe largement l\u2019\u00e9ch\u00e9ance 2024. En France, les Anglais sont souvent cit\u00e9s en exemple, comme mod\u00e8le d\u2019int\u00e9gration du handicap et de d\u00e9veloppement de l\u2019accessibilit\u00e9. Le challenge qui se pr\u00e9sente \u00e0 la France sera de prendre avec autant d\u2019exigence et de r\u00e9ussite ce virage, de l\u2019am\u00e9lioration des infrastructures existantes jusqu\u2019\u00e0 l\u2019\u00e9volution volontaire des mentalit\u00e9s face aux questions li\u00e9es au handicap.<\/p>\n<p><strong>Pour le Pr\u00e9sident de la FFH, si le constat n\u2019est pas sombre, le d\u00e9fi reste incontournable\u00a0: <\/strong>\u00ab\u00a0<em>Beaucoup de progr\u00e8s ont \u00e9t\u00e9 faits au niveau de l\u2019accessibilit\u00e9 ces derni\u00e8res ann\u00e9es. Il ne faut pas oublier que Paris est une ville d\u00e9j\u00e0 bien avanc\u00e9e sur le sujet, qui ne part pas de z\u00e9ro, m\u00eame si des ajustements sont n\u00e9cessaires. Notre mission d\u00e9passe le cadre du p\u00e9riph\u00e9rique parisien, et m\u00eame de nos fronti\u00e8res car nous serons sous le regard des cam\u00e9ras du monde entier. <strong>Ces Jeux sont l\u2019opportunit\u00e9 de prises de consciences majeures et collectives et d\u2019attentions permanentes, dans de nombreux domaines sociaux, dont notre posture face au handicap.<\/strong> Gommer tous les grands ou petits obstacles, parfois si simples \u00e0 corriger ou \u00e0 mieux r\u00e9guler, avec bon sens, ceux qui entravent les journ\u00e9es d\u2019une personne en fauteuil, non-voyante, sourde, de petite taille, d\u2019une personne \u00e2g\u00e9e ou m\u00eame d\u2019une maman qui pousse un landau\u2026 L\u2019accessibilit\u00e9 est un d\u00e9fi qui nous concerne tous. <strong>L\u2019h\u00e9ritage des Jeux de 2024 doit permettre de faire enfin ce bond en avant sans pr\u00e9c\u00e9dent sur les questions li\u00e9es au handicap, pour devenir, \u00e0 notre tour, exemplaires et inspirants.<\/strong>Nous l\u2019attendons depuis si longtemps, nous y sommes, gr\u00e2ce aux Jeux ! <\/em><\/p>\n<p>&nbsp;<\/p>\n<p>Fr\u00e9d\u00e9ric Delpy conclut<em>\u00a0: \u00ab\u00a0Ne manquons pas ce rendez-vous.\u00a0Sept ans seulement pour le pr\u00e9parer\u2026 retroussons-nous les manches, sans attendre. <strong>Pr\u00eats \u00e0 accueillir le Monde avec enthousiasme, confiance, volont\u00e9 de gagner, grandir et changer les regards\u00a0!<\/strong>\u00a0\u00bb<\/em><\/td>\n<td width=\"10\"><\/td>\n<\/tr>\n<tr>\n<td colspan=\"3\" width=\"720\"><\/td>\n<\/tr>\n<tr>\n<td width=\"10\"><\/td>\n<td><strong>Contact Presse :<\/strong><\/p>\n<p><strong>Attach\u00e9 de presse de la FF. Handisport<\/strong><br \/>\nXavier Bachimont<br \/>\n06.14.16.10.95<br \/>\n<a href=\"mailto:x.bachimont@handisport.org\" target=\"_blank\" rel=\"noopener noreferrer\">x.bachimont@handisport.org<\/a><\/td>\n<\/tr>\n<\/tbody>\n<\/table>\n<\/td>\n<\/tr>\n<\/tbody>\n<\/table>\n<\/td>\n<\/tr>\n<\/tbody>\n<\/table>\n","protected":false},"excerpt":{"rendered":"<p>La r\u00e9action de Fr\u00e9d\u00e9ric DELPY, Pr\u00e9sident de la F\u00e9d\u00e9ration Fran\u00e7aise Handisport &nbsp; C\u2019est maintenant officiel\u00a0: Paris accueillera les Jeux Olympiques et Paralympiques en 2024. Comme l\u2019ensemble du mouvement sportif, la F\u00e9d\u00e9ration Fran\u00e7aise Handisport, se r\u00e9jouit de ce d\u00e9nouement heureux. Depuis Lima au P\u00e9rou aux c\u00f4t\u00e9s de l\u2019\u00e9quipe de la candidature, Fr\u00e9d\u00e9ric Delpy, Pr\u00e9sident de la&#8230;<\/p>\n","protected":false},"author":2,"featured_media":0,"comment_status":"closed","ping_status":"closed","sticky":false,"template":"","format":"standard","meta":[],"categories":[1],"tags":[],"_links":{"self":[{"href":"https:\/\/handisport41.fr\/index.php?rest_route=\/wp\/v2\/posts\/497"}],"collection":[{"href":"https:\/\/handisport41.fr\/index.php?rest_route=\/wp\/v2\/posts"}],"about":[{"href":"https:\/\/handisport41.fr\/index.php?rest_route=\/wp\/v2\/types\/post"}],"author":[{"embeddable":true,"href":"https:\/\/handisport41.fr\/index.php?rest_route=\/wp\/v2\/users\/2"}],"replies":[{"embeddable":true,"href":"https:\/\/handisport41.fr\/index.php?rest_route=%2Fwp%2Fv2%2Fcomments&post=497"}],"version-history":[{"count":1,"href":"https:\/\/handisport41.fr\/index.php?rest_route=\/wp\/v2\/posts\/497\/revisions"}],"predecessor-version":[{"id":499,"href":"https:\/\/handisport41.fr\/index.php?rest_route=\/wp\/v2\/posts\/497\/revisions\/499"}],"wp:attachment":[{"href":"https:\/\/handisport41.fr\/index.php?rest_route=%2Fwp%2Fv2%2Fmedia&parent=497"}],"wp:term":[{"taxonomy":"category","embeddable":true,"href":"https:\/\/handisport41.fr\/index.php?rest_route=%2Fwp%2Fv2%2Fcategories&post=497"},{"taxonomy":"post_tag","embeddable":true,"href":"https:\/\/handisport41.fr\/index.php?rest_route=%2Fwp%2Fv2%2Ftags&post=497"}],"curies":[{"name":"wp","href":"https:\/\/api.w.org\/{rel}","templated":true}]}}