{"id":542,"date":"2017-12-07T10:01:57","date_gmt":"2017-12-07T10:01:57","guid":{"rendered":"http:\/\/handisport41.fr\/?p=542"},"modified":"2017-12-07T10:01:57","modified_gmt":"2017-12-07T10:01:57","slug":"stage-regional-jeunes-a-potentiel","status":"publish","type":"post","link":"https:\/\/handisport41.fr\/?p=542","title":{"rendered":"STAGE REGIONAL JEUNES A POTENTIEL"},"content":{"rendered":"<p>Bonjour \u00e0 tous,<\/p>\n<p>Vous trouverez ci-joint la fiche d&rsquo;inscription du prochain stage r\u00e9gional jeunes \u00e0 potentiel qui aura lieu du mardi 27 f\u00e9vrier au 1er mars 2018 au CRJS de Chartres (1 rue Jean Monnet).<\/p>\n<p>Le Comit\u00e9 R\u00e9gional est reconnu \u00ab\u00a0administrativement\u00a0\u00bb comme porteur de projet recevant un public mineur. Cette reconnaissance permet ensuite aux parents ou tuteurs l\u00e9gaux de pouvoir se rapprocher de leur CAF afin de solliciter une aide sur des \u00ab\u00a0bon colonie\u00a0\u00bb. Cette aide journali\u00e8re varie selon les d\u00e9partements et le quotient familial (de 10 \u00e0 25 \u20ac par jour et par jeune)<\/p>\n<p>Nous vous invitons donc \u00e0 vous rapprocher de votre CAF afin de pouvoir, nous l\u2019esp\u00e9rons, en b\u00e9n\u00e9ficier.<\/p>\n<p>Par ailleurs, si dans votre entourage ou votre r\u00e9seau, vous connaissez des jeunes souhaitant d\u00e9couvrir ou pratiquer diff\u00e9rentes activit\u00e9s sportives, nous mettons en place, parall\u00e8lement au stage r\u00e9gional jeunes \u00e0 potentiel, un stage multisport. Vous trouverez en pi\u00e8ce jointe \u00e9galement la fiche d&rsquo;inscription.<\/p>\n<p>La diff\u00e9rence, entre ces 2 stages, se trouve dans la diversit\u00e9 des activit\u00e9s sportives, \u00e0 caract\u00e8re ludique, propos\u00e9es (stage multisport). Le stage r\u00e9gional se tournant plut\u00f4t vers le perfectionnement des activit\u00e9s de la natation, tennis de table et athl\u00e9tisme avec pour objectif l\u2019int\u00e9gration \u00e0 des stages de perfectionnement ou au stage national jeunes \u00e0 potentiel.<\/p>\n<p><u>Pour tout savoir<\/u> :<\/p>\n<p><strong>Stage R\u00e9gional Jeunes \u00e0 Potentiel <\/strong>: <a href=\"http:\/\/www.handisportcentre.org\/index.php\/le-comite-regional\/le-secteur-jeunes\/54-stage-regional-jeunes-a-potentiel\">http:\/\/www.handisportcentre.org\/index.php\/le-comite-regional\/le-secteur-jeunes\/54-stage-regional-jeunes-a-potentiel<\/a><\/p>\n<p><strong>Stage Multisport <\/strong>: <a href=\"http:\/\/www.handisportcentre.org\/index.php\/le-comite-regional\/le-secteur-jeunes\/55-stage-multisport\">http:\/\/www.handisportcentre.org\/index.php\/le-comite-regional\/le-secteur-jeunes\/55-stage-multisport<\/a><\/p>\n<p><a href=\"http:\/\/handisport41.fr\/wp-content\/uploads\/2017\/12\/24774964_2467393696827442_6324453669431811717_n.jpg\"><img decoding=\"async\" loading=\"lazy\" class=\"alignnone size-full wp-image-543\" src=\"http:\/\/handisport41.fr\/wp-content\/uploads\/2017\/12\/24774964_2467393696827442_6324453669431811717_n.jpg\" alt=\"\" width=\"679\" height=\"960\" srcset=\"https:\/\/handisport41.fr\/wp-content\/uploads\/2017\/12\/24774964_2467393696827442_6324453669431811717_n.jpg 679w, https:\/\/handisport41.fr\/wp-content\/uploads\/2017\/12\/24774964_2467393696827442_6324453669431811717_n-212x300.jpg 212w, https:\/\/handisport41.fr\/wp-content\/uploads\/2017\/12\/24774964_2467393696827442_6324453669431811717_n-1x1.jpg 1w\" sizes=\"(max-width: 679px) 100vw, 679px\" \/><\/a><\/p>\n","protected":false},"excerpt":{"rendered":"<p>Bonjour \u00e0 tous, Vous trouverez ci-joint la fiche d&rsquo;inscription du prochain stage r\u00e9gional jeunes \u00e0 potentiel qui aura lieu du mardi 27 f\u00e9vrier au 1er mars 2018 au CRJS de Chartres (1 rue Jean Monnet). Le Comit\u00e9 R\u00e9gional est reconnu \u00ab\u00a0administrativement\u00a0\u00bb comme porteur de projet recevant un public mineur. Cette reconnaissance permet ensuite aux parents&#8230;<\/p>\n","protected":false},"author":2,"featured_media":0,"comment_status":"closed","ping_status":"closed","sticky":false,"template":"","format":"standard","meta":[],"categories":[1],"tags":[],"_links":{"self":[{"href":"https:\/\/handisport41.fr\/index.php?rest_route=\/wp\/v2\/posts\/542"}],"collection":[{"href":"https:\/\/handisport41.fr\/index.php?rest_route=\/wp\/v2\/posts"}],"about":[{"href":"https:\/\/handisport41.fr\/index.php?rest_route=\/wp\/v2\/types\/post"}],"author":[{"embeddable":true,"href":"https:\/\/handisport41.fr\/index.php?rest_route=\/wp\/v2\/users\/2"}],"replies":[{"embeddable":true,"href":"https:\/\/handisport41.fr\/index.php?rest_route=%2Fwp%2Fv2%2Fcomments&post=542"}],"version-history":[{"count":2,"href":"https:\/\/handisport41.fr\/index.php?rest_route=\/wp\/v2\/posts\/542\/revisions"}],"predecessor-version":[{"id":545,"href":"https:\/\/handisport41.fr\/index.php?rest_route=\/wp\/v2\/posts\/542\/revisions\/545"}],"wp:attachment":[{"href":"https:\/\/handisport41.fr\/index.php?rest_route=%2Fwp%2Fv2%2Fmedia&parent=542"}],"wp:term":[{"taxonomy":"category","embeddable":true,"href":"https:\/\/handisport41.fr\/index.php?rest_route=%2Fwp%2Fv2%2Fcategories&post=542"},{"taxonomy":"post_tag","embeddable":true,"href":"https:\/\/handisport41.fr\/index.php?rest_route=%2Fwp%2Fv2%2Ftags&post=542"}],"curies":[{"name":"wp","href":"https:\/\/api.w.org\/{rel}","templated":true}]}}